{"id":2006,"global_id":"cultura.arqtgn.cat\/es\/?id=2006","global_id_lineage":["cultura.arqtgn.cat\/es\/?id=2006"],"author":"101","status":"publish","date":"2025-02-20 12:20:20","date_utc":"2025-02-20 11:20:20","modified":"2025-02-20 12:23:28","modified_utc":"2025-02-20 11:23:28","url":"https:\/\/cultura.arqtgn.cat\/es\/events\/projeccio-de-la-pellicula-la-passio-de-sant-fructuos-a-laula-magna-del-seminari-casa-de-cultura\/","rest_url":"https:\/\/cultura.arqtgn.cat\/es\/wp-json\/tribe\/events\/v1\/events\/2006","title":"Proyecci\u00f3n de la pelicula \u201cLa Passi\u00f3 de Sant Fructu\u00f3s\u201d en el Aula Magna del Seminari. Casa de Cultura","description":"<p>[et_pb_section fb_built=\u00bb1&#8243; _builder_version=\u00bb4.23.1&#8243; _module_preset=\u00bbdefault\u00bb global_colors_info=\u00bb{}\u00bb][et_pb_row column_structure=\u00bb2_5,3_5&#8243; _builder_version=\u00bb4.23.1&#8243; _module_preset=\u00bbdefault\u00bb global_colors_info=\u00bb{}\u00bb][et_pb_column type=\u00bb2_5&#8243; _builder_version=\u00bb4.23.1&#8243; _module_preset=\u00bbdefault\u00bb global_colors_info=\u00bb{}\u00bb][et_pb_image src=\u00bbhttps:\/\/cultura.arqtgn.cat\/wp-content\/uploads\/sites\/121\/2025\/02\/13-de-marc-Sant-Fructuos.jpg\u00bb title_text=\u00bb13 de mar\u00e7 Sant Fructu\u00f3s\u00bb _builder_version=\u00bb4.27.4&#8243; _module_preset=\u00bbdefault\u00bb global_colors_info=\u00bb{}\u00bb][\/et_pb_image][\/et_pb_column][et_pb_column type=\u00bb3_5&#8243; _builder_version=\u00bb4.23.1&#8243; _module_preset=\u00bbdefault\u00bb global_colors_info=\u00bb{}\u00bb][et_pb_text _builder_version=\u00bb4.27.4&#8243; _module_preset=\u00bbdefault\u00bb hover_enabled=\u00bb0&#8243; global_colors_info=\u00bb{}\u00bb sticky_enabled=\u00bb0&#8243;]<\/p>\n<p>\u200bLa Associaci\u00f3 Cultural Sant Fructu\u00f3s y la Delegaci\u00f3 Diocesana per a la Cultura organizan el pr\u00f3ximo 13 de marzo una proyecci\u00f3n y conferencia de la pel\u00edcula \u201cLa Passi\u00f3 de Sant Fructuoso\u201d, estrenada el pasado 19 de enero.\u00a0 La conferencia ir\u00e1 a cargo de Andreu Mu\u00f1oz Melgar.<\/p>\n<p>La proyecci\u00f3n y conferencia tendr\u00e1 lugar a las 19 h en el Aula Magna del Seminario.<\/p>\n<p>La entrada ser\u00e1 gratuita con inscripci\u00f3n previa en el correo electr\u00f3nico <a href=\"mailto:museo.biblic@arqtgn.cat\">museo.biblic@arqtgn.cat<\/a> o en el tel\u00e9fono 977 251 888<\/p>\n<p>D\u00cdA: 13 de marzo<\/p>\n<p>HORA: 19 h.<\/p>\n<p>LUGAR: Aula Magna del Seminari. Casa de la Cultura<\/p>\n<p>[\/et_pb_text][\/et_pb_column][\/et_pb_row][\/et_pb_section]<\/p>","excerpt":"","slug":"projeccio-de-la-pellicula-la-passio-de-sant-fructuos-a-laula-magna-del-seminari-casa-de-cultura","image":false,"all_day":false,"start_date":"2025-03-13 19:00:00","start_date_details":{"year":"2025","month":"03","day":"13","hour":"19","minutes":"00","seconds":"00"},"end_date":"2025-03-13 20:30:00","end_date_details":{"year":"2025","month":"03","day":"13","hour":"20","minutes":"30","seconds":"00"},"utc_start_date":"2025-03-13 18:00:00","utc_start_date_details":{"year":"2025","month":"03","day":"13","hour":"18","minutes":"00","seconds":"00"},"utc_end_date":"2025-03-13 19:30:00","utc_end_date_details":{"year":"2025","month":"03","day":"13","hour":"19","minutes":"30","seconds":"00"},"timezone":"Europe\/Madrid","timezone_abbr":"CET","cost":"","cost_details":{"currency_symbol":"\u20ac","currency_code":"EUR","currency_position":"suffix","values":[]},"website":"https:\/\/cultura.arqtgn.cat\/2025\/02\/20\/projeccio-de-la-pellicula-la-passio-de-sant-fructuos-a-laula-magna-del-seminari-casa-de-cultura\/","show_map":true,"show_map_link":true,"hide_from_listings":false,"sticky":false,"featured":false,"categories":[],"tags":[],"venue":{"id":47,"author":"59","status":"publish","date":"2023-11-10 18:32:43","date_utc":"2023-11-10 16:32:43","modified":"2023-11-10 18:32:43","modified_utc":"2023-11-10 16:32:43","url":"https:\/\/cultura.arqtgn.cat\/recinto\/centre-tarraconense-el-seminari\/","venue":"Centre Tarraconense El Seminari","slug":"centre-tarraconense-el-seminari","address":"C\/ Sant Pau, 2","city":"Tarragona","country":"Espa\u00f1a","province":"Taragona","zip":"43003","phone":"977 23 34 12","website":"http:\/\/www.ctarraconense.cat\/es\/","stateprovince":"Taragona","json_ld":{"@type":"Place","name":"Centre Tarraconense El Seminari","description":"","url":"","address":{"@type":"PostalAddress","streetAddress":"C\/ Sant Pau, 2","addressLocality":"Tarragona","addressRegion":"Taragona","postalCode":"43003","addressCountry":"Espa\u00f1a"},"telephone":"977 23 34 12","sameAs":"http:\/\/www.ctarraconense.cat\/es\/"},"show_map":true,"show_map_link":true,"global_id":"cultura.arqtgn.cat\/es\/?id=47","global_id_lineage":["cultura.arqtgn.cat\/es\/?id=47"]},"organizer":[{"id":1515,"author":"101","status":"publish","date":"2024-11-13 12:25:22","date_utc":"0000-00-00 00:00:00","modified":"2024-11-13 12:25:22","modified_utc":"0000-00-00 00:00:00","url":"https:\/\/cultura.arqtgn.cat\/organizador\/associacio-cultural-sant-fructuos\/","organizer":"Associaci\u00f3 Cultural Sant Fructu\u00f3s","slug":"associacio-cultural-sant-fructuos","json_ld":{"@type":"Person","name":"Associaci\u00f3 Cultural Sant Fructu\u00f3s","description":"","url":"","telephone":"","email":"","sameAs":""},"global_id":"cultura.arqtgn.cat\/es\/?id=1515","global_id_lineage":["cultura.arqtgn.cat\/es\/?id=1515"]},{"id":513,"author":"59","status":"publish","date":"2023-12-11 17:47:41","date_utc":"2023-12-11 16:47:41","modified":"2023-12-11 17:47:41","modified_utc":"2023-12-11 16:47:41","url":"https:\/\/cultura.arqtgn.cat\/organizador\/delegacio-diocesana-per-a-la-cultura\/","organizer":"Delegaci\u00f3 diocesana per a la cultura","slug":"delegacio-diocesana-per-a-la-cultura","phone":"977 247 190","email":"cultura@arqtgn.cat","json_ld":{"@type":"Person","name":"Delegaci\u00f3 diocesana per a la cultura","description":"","url":"","telephone":"977 247 190","email":"&#99;&#117;&#108;&#116;&#117;&#114;a&#64;a&#114;&#113;&#116;gn.c&#97;&#116;","sameAs":""},"global_id":"cultura.arqtgn.cat\/es\/?id=513","global_id_lineage":["cultura.arqtgn.cat\/es\/?id=513"]}],"custom_fields":[],"json_ld":{"@context":"http:\/\/schema.org","@type":"Event","name":"Proyecci\u00f3n de la pelicula \u201cLa Passi\u00f3 de Sant Fructu\u00f3s\u201d en el Aula Magna del Seminari. Casa de Cultura","description":"&lt;p&gt;\u200bLa Associaci\u00f3 Cultural Sant Fructu\u00f3s y la Delegaci\u00f3 Diocesana per a la Cultura organizan el pr\u00f3ximo 13 de marzo una proyecci\u00f3n y conferencia de la pel\u00edcula \u201cLa Passi\u00f3 de Sant [&hellip;]&lt;\/p&gt;\\n","url":"https:\/\/cultura.arqtgn.cat\/es\/events\/projeccio-de-la-pellicula-la-passio-de-sant-fructuos-a-laula-magna-del-seminari-casa-de-cultura\/","eventAttendanceMode":"https:\/\/schema.org\/OfflineEventAttendanceMode","eventStatus":"https:\/\/schema.org\/EventScheduled","startDate":"2025-03-13T19:00:00+01:00","endDate":"2025-03-13T20:30:00+01:00","location":{"@type":"Place","name":"Centre Tarraconense El Seminari","description":"","url":"","address":{"@type":"PostalAddress","streetAddress":"C\/ Sant Pau, 2","addressLocality":"Tarragona","addressRegion":"Taragona","postalCode":"43003","addressCountry":"Espa\u00f1a"},"telephone":"977 23 34 12","sameAs":"http:\/\/www.ctarraconense.cat\/es\/"},"organizer":{"@type":"Person","name":"Associaci\u00f3 Cultural Sant Fructu\u00f3s","description":"","url":"","telephone":"","email":"","sameAs":""},"performer":"Organization"}}