{"id":2820,"date":"2025-05-21T12:59:29","date_gmt":"2025-05-21T10:59:29","guid":{"rendered":"https:\/\/cultura.arqtgn.cat\/2025\/05\/21\/la-nit-de-les-esglesies-a-tarragona\/"},"modified":"2025-05-21T13:04:26","modified_gmt":"2025-05-21T11:04:26","slug":"la-nit-de-les-esglesies-a-tarragona","status":"publish","type":"post","link":"https:\/\/cultura.arqtgn.cat\/es\/2025\/05\/21\/la-nit-de-les-esglesies-a-tarragona\/","title":{"rendered":"La \u00abNoche de las iglesias\u00bb en Tarragona"},"content":{"rendered":"<p>[et_pb_section fb_built=\u00bb1&#8243; _builder_version=\u00bb4.21.0&#8243; _module_preset=\u00bbdefault\u00bb global_colors_info=\u00bb{}\u00bb][et_pb_row _builder_version=\u00bb4.21.0&#8243; _module_preset=\u00bbdefault\u00bb global_colors_info=\u00bb{}\u00bb][et_pb_column type=\u00bb4_4&#8243; _builder_version=\u00bb4.21.0&#8243; _module_preset=\u00bbdefault\u00bb global_colors_info=\u00bb{}\u00bb][et_pb_text _builder_version=\u00bb4.27.4&#8243; _module_preset=\u00bbdefault\u00bb hover_enabled=\u00bb0&#8243; global_colors_info=\u00bb{}\u00bb sticky_enabled=\u00bb0&#8243;]<\/p>\n<p>\u200bTras la buena acogida de la primera edici\u00f3n, la red de <strong>Catalonia Sacra<\/strong> organiza la segunda edici\u00f3n de esta iniciativa que llena iglesias de velas y silencio.<br \/>Las iglesias, aparte de ser el espacio donde se celebran los diferentes actos propios de la comunidad cristiana, suelen ser \u00e1mbitos arquitect\u00f3nicos que llenan de paz y ayudan a tratar, serenamente, los asuntos del coraz\u00f3n y del alma. Entrar, callar, sentarse un rato, escucharse y escuchar: he aqu\u00ed una costumbre muy practicada y muy recomendable.<br \/>La iniciativa de la <strong>\u201cNoche de las iglesias\u201d<\/strong> propone abrir espacios de algunas iglesias exclusivamente iluminadas con la luz de las velas, para remarcar y agradecer el trabajo que realizan nuestros edificios para ayudarnos a vivir con mayor intensidad y con m\u00e1s criterio. S\u00f3lo la arquitectura, la escultura y la luz de las velas. Ni circuitos, ni m\u00fasicas ni discursos. S\u00f3lo un espacio iluminado para que, en silencio y con tranquilidad, podamos ver y hablar con nuestro interior.<br \/>En nuestro pa\u00eds, el espacio que participar\u00e1 en la <strong>\u201cNoche de las iglesias\u201d<\/strong>, ser\u00e1 la <strong>Capilla de San Pablo (s. XIII)<\/strong>, situada en el interior del recinto El Seminario. Casa de Cultura. <br \/>A la luz de las velas se abrir\u00e1 de 21 a 23h. Entrada libre.<\/p>\n<p>[\/et_pb_text][et_pb_gallery gallery_ids=\u00bb2796,2817&#8243; posts_number=\u00bb16&#8243; show_title_and_caption=\u00bboff\u00bb show_pagination=\u00bboff\u00bb _builder_version=\u00bb4.27.4&#8243; _module_preset=\u00bbdefault\u00bb global_colors_info=\u00bb{}\u00bb][\/et_pb_gallery][\/et_pb_column][\/et_pb_row][\/et_pb_section]<\/p>\n","protected":false},"excerpt":{"rendered":"<p>\u200bTras la buena acogida de la primera edici\u00f3n, la red de Catalonia Sacra organiza la segunda edici\u00f3n de esta iniciativa que llena iglesias de velas y silencio.Las iglesias, aparte de [&hellip;]<\/p>\n","protected":false},"author":101,"featured_media":2798,"comment_status":"closed","ping_status":"closed","sticky":false,"template":"","format":"standard","meta":{"_et_pb_use_builder":"on","_et_pb_old_content":"","_et_gb_content_width":"","footnotes":""},"categories":[15],"tags":[],"class_list":["post-2820","post","type-post","status-publish","format-standard","has-post-thumbnail","hentry","category-noticias"],"amp_enabled":true,"_links":{"self":[{"href":"https:\/\/cultura.arqtgn.cat\/es\/wp-json\/wp\/v2\/posts\/2820","targetHints":{"allow":["GET"]}}],"collection":[{"href":"https:\/\/cultura.arqtgn.cat\/es\/wp-json\/wp\/v2\/posts"}],"about":[{"href":"https:\/\/cultura.arqtgn.cat\/es\/wp-json\/wp\/v2\/types\/post"}],"author":[{"embeddable":true,"href":"https:\/\/cultura.arqtgn.cat\/es\/wp-json\/wp\/v2\/users\/101"}],"replies":[{"embeddable":true,"href":"https:\/\/cultura.arqtgn.cat\/es\/wp-json\/wp\/v2\/comments?post=2820"}],"version-history":[{"count":3,"href":"https:\/\/cultura.arqtgn.cat\/es\/wp-json\/wp\/v2\/posts\/2820\/revisions"}],"predecessor-version":[{"id":2824,"href":"https:\/\/cultura.arqtgn.cat\/es\/wp-json\/wp\/v2\/posts\/2820\/revisions\/2824"}],"wp:featuredmedia":[{"embeddable":true,"href":"https:\/\/cultura.arqtgn.cat\/es\/wp-json\/wp\/v2\/media\/2798"}],"wp:attachment":[{"href":"https:\/\/cultura.arqtgn.cat\/es\/wp-json\/wp\/v2\/media?parent=2820"}],"wp:term":[{"taxonomy":"category","embeddable":true,"href":"https:\/\/cultura.arqtgn.cat\/es\/wp-json\/wp\/v2\/categories?post=2820"},{"taxonomy":"post_tag","embeddable":true,"href":"https:\/\/cultura.arqtgn.cat\/es\/wp-json\/wp\/v2\/tags?post=2820"}],"curies":[{"name":"wp","href":"https:\/\/api.w.org\/{rel}","templated":true}]}}