{"id":2951,"date":"2025-10-03T11:18:41","date_gmt":"2025-10-03T09:18:41","guid":{"rendered":"https:\/\/cultura.arqtgn.cat\/2025\/10\/03\/presentacio-del-llibre-grau-garriga-el-relat-de-la-pintura-mural\/"},"modified":"2025-10-03T11:23:20","modified_gmt":"2025-10-03T09:23:20","slug":"presentacio-del-llibre-grau-garriga-el-relat-de-la-pintura-mural","status":"publish","type":"post","link":"https:\/\/cultura.arqtgn.cat\/es\/2025\/10\/03\/presentacio-del-llibre-grau-garriga-el-relat-de-la-pintura-mural\/","title":{"rendered":"Presentaci\u00f3n del libro: \u00abGrau-Garriga, el relato de la pintura mural\u00bb"},"content":{"rendered":"<p>[et_pb_section fb_built=\u00bb1&#8243; _builder_version=\u00bb4.21.0&#8243; _module_preset=\u00bbdefault\u00bb global_colors_info=\u00bb{}\u00bb][et_pb_row _builder_version=\u00bb4.21.0&#8243; _module_preset=\u00bbdefault\u00bb global_colors_info=\u00bb{}\u00bb][et_pb_column type=\u00bb4_4&#8243; _builder_version=\u00bb4.21.0&#8243; _module_preset=\u00bbdefault\u00bb global_colors_info=\u00bb{}\u00bb][et_pb_text _builder_version=\u00bb4.27.4&#8243; _module_preset=\u00bbdefault\u00bb hover_enabled=\u00bb0&#8243; global_colors_info=\u00bb{}\u00bb sticky_enabled=\u00bb0&#8243;]<\/p>\n<p data-start=\"51\" data-end=\"314\">La Delegaci\u00f3n diocesana para la cultura, junto con la Librer\u00eda diocesana del Arzobispado de Tarragona y el Museo Diocesano de Tarragona, organizan la <strong>presentaci\u00f3n del libro: <em data-start=\"225\" data-end=\"272\">\u00abGrau-Garriga, el relato de la pintura mural\u00bb<\/em><\/strong> de Rosa Maria Armelles y Javier Clemente.<\/p>\n<p data-start=\"316\" data-end=\"752\">Josep Grau-Garriga (Sant Cugat, 1929 \u2013 Angers, 2011), fue un artista poli\u00e9drico y un gran renovador. A trav\u00e9s de las pinturas murales recogidas en este libro, desarroll\u00f3 un relato evang\u00e9lico de la vida de Jes\u00fas de Nazaret que, m\u00e1s adelante, se convirti\u00f3 en un alegato a favor de la paz. En nuestra di\u00f3cesis encontramos sus pinturas murales en la ermita de Santa Mar\u00eda de Paretdelgada y en el baptisterio de Santa Mar\u00eda del Mar de Salou.<\/p>\n<p data-start=\"754\" data-end=\"874\"><strong>La presentaci\u00f3n tendr\u00e1 lugar el jueves 9 de octubre, a las 19:00 h, en el espacio Muralla del Seminario Casa de Cultura.<\/strong><\/p>\n<p>[\/et_pb_text][et_pb_gallery gallery_ids=\u00bb2945&#8243; posts_number=\u00bb16&#8243; show_title_and_caption=\u00bboff\u00bb show_pagination=\u00bboff\u00bb _builder_version=\u00bb4.27.4&#8243; _module_preset=\u00bbdefault\u00bb global_colors_info=\u00bb{}\u00bb][\/et_pb_gallery][\/et_pb_column][\/et_pb_row][\/et_pb_section]<\/p>\n","protected":false},"excerpt":{"rendered":"<p>La Delegaci\u00f3n diocesana para la cultura, junto con la Librer\u00eda diocesana del Arzobispado de Tarragona y el Museo Diocesano de Tarragona, organizan la presentaci\u00f3n del libro: \u00abGrau-Garriga, el relato de [&hellip;]<\/p>\n","protected":false},"author":101,"featured_media":2948,"comment_status":"closed","ping_status":"closed","sticky":false,"template":"","format":"standard","meta":{"_et_pb_use_builder":"on","_et_pb_old_content":"","_et_gb_content_width":"","footnotes":""},"categories":[15],"tags":[],"class_list":["post-2951","post","type-post","status-publish","format-standard","has-post-thumbnail","hentry","category-noticias"],"amp_enabled":true,"_links":{"self":[{"href":"https:\/\/cultura.arqtgn.cat\/es\/wp-json\/wp\/v2\/posts\/2951","targetHints":{"allow":["GET"]}}],"collection":[{"href":"https:\/\/cultura.arqtgn.cat\/es\/wp-json\/wp\/v2\/posts"}],"about":[{"href":"https:\/\/cultura.arqtgn.cat\/es\/wp-json\/wp\/v2\/types\/post"}],"author":[{"embeddable":true,"href":"https:\/\/cultura.arqtgn.cat\/es\/wp-json\/wp\/v2\/users\/101"}],"replies":[{"embeddable":true,"href":"https:\/\/cultura.arqtgn.cat\/es\/wp-json\/wp\/v2\/comments?post=2951"}],"version-history":[{"count":2,"href":"https:\/\/cultura.arqtgn.cat\/es\/wp-json\/wp\/v2\/posts\/2951\/revisions"}],"predecessor-version":[{"id":2954,"href":"https:\/\/cultura.arqtgn.cat\/es\/wp-json\/wp\/v2\/posts\/2951\/revisions\/2954"}],"wp:featuredmedia":[{"embeddable":true,"href":"https:\/\/cultura.arqtgn.cat\/es\/wp-json\/wp\/v2\/media\/2948"}],"wp:attachment":[{"href":"https:\/\/cultura.arqtgn.cat\/es\/wp-json\/wp\/v2\/media?parent=2951"}],"wp:term":[{"taxonomy":"category","embeddable":true,"href":"https:\/\/cultura.arqtgn.cat\/es\/wp-json\/wp\/v2\/categories?post=2951"},{"taxonomy":"post_tag","embeddable":true,"href":"https:\/\/cultura.arqtgn.cat\/es\/wp-json\/wp\/v2\/tags?post=2951"}],"curies":[{"name":"wp","href":"https:\/\/api.w.org\/{rel}","templated":true}]}}