{"id":3221,"date":"2025-11-04T10:31:11","date_gmt":"2025-11-04T09:31:11","guid":{"rendered":"https:\/\/cultura.arqtgn.cat\/2025\/11\/04\/inscripcions-a-les-jornades-de-portes-obertes-i-visites-guiades-a-les-excavacions-del-temple-flavi-a-la-catedral-de-tarragona\/"},"modified":"2025-11-26T16:04:12","modified_gmt":"2025-11-26T15:04:12","slug":"inscripcions-a-les-jornades-de-portes-obertes-i-visites-guiades-a-les-excavacions-del-temple-flavi-a-la-catedral-de-tarragona","status":"publish","type":"post","link":"https:\/\/cultura.arqtgn.cat\/es\/2025\/11\/04\/inscripcions-a-les-jornades-de-portes-obertes-i-visites-guiades-a-les-excavacions-del-temple-flavi-a-la-catedral-de-tarragona\/","title":{"rendered":"Inscripciones a las jornadas de puertas abiertas en las excavaciones del denominado \u00abtemplo flavio\u00bb en la Catedral de Tarragona"},"content":{"rendered":"<p>[et_pb_section fb_built=\u00bb1&#8243; _builder_version=\u00bb4.21.0&#8243; _module_preset=\u00bbdefault\u00bb global_colors_info=\u00bb{}\u00bb][et_pb_row _builder_version=\u00bb4.21.0&#8243; _module_preset=\u00bbdefault\u00bb global_colors_info=\u00bb{}\u00bb][et_pb_column type=\u00bb4_4&#8243; _builder_version=\u00bb4.21.0&#8243; _module_preset=\u00bbdefault\u00bb global_colors_info=\u00bb{}\u00bb][et_pb_text _builder_version=\u00bb4.27.4&#8243; _module_preset=\u00bbdefault\u00bb hover_enabled=\u00bb0&#8243; global_colors_info=\u00bb{}\u00bb sticky_enabled=\u00bb0&#8243;]<\/p>\n<p data-start=\"103\" data-end=\"436\"><strong data-start=\"103\" data-end=\"145\">Los pr\u00f3ximos d\u00edas 28 y 29 de noviembre<\/strong>, el Museo Diocesano de Tarragona y el ICAC (Instituto Catal\u00e1n de Arqueolog\u00eda Cl\u00e1sica) celebrar\u00e1n unas <strong data-start=\"248\" data-end=\"298\">Jornadas de puertas abiertas y visitas guiadas<\/strong> a las excavaciones del denominado \u201c<strong data-start=\"334\" data-end=\"351\">templo flavio<\/strong>\u201d del antiguo recinto de culto imperial en el conjunto de la Catedral de Tarragona.<\/p>\n<p data-start=\"438\" data-end=\"614\">Con grupos de un m\u00e1ximo de <strong data-start=\"465\" data-end=\"489\">20 personas cada uno<\/strong>, se realizar\u00e1n visitas al yacimiento cada <strong data-start=\"532\" data-end=\"546\">30 minutos<\/strong>, conducidas por miembros del equipo del proyecto y colaboradores.<\/p>\n<p data-start=\"616\" data-end=\"767\">El <strong data-start=\"619\" data-end=\"664\">punto de encuentro o inicio del recorrido<\/strong> ser\u00e1 frente a la puerta de acceso a los jardines de <strong data-start=\"717\" data-end=\"764\">Santa Tecla la Vieja (Carrer de les Coques)<\/strong>.<\/p>\n<p data-start=\"769\" data-end=\"1084\">La <strong data-start=\"772\" data-end=\"800\">asistencia ser\u00e1 gratuita<\/strong>, con <strong data-start=\"806\" data-end=\"828\">inscripci\u00f3n previa<\/strong> a trav\u00e9s del siguiente enlace: <a href=\"https:\/\/forms.gle\/AHecDccWcFenMo6aA\"><strong data-start=\"842\" data-end=\"871\">FORMULARIO DE INSCRIPCI\u00d3N<\/strong><\/a> <strong>(cerramos inscripciones el viernes a las 17h, o al terminarse las plazas disponibles)\u00a0<\/strong><\/p>\n<hr data-start=\"1784\" data-end=\"1787\" \/>\n<p data-start=\"1789\" data-end=\"1877\"><strong data-start=\"1789\" data-end=\"1803\">Organizan:<\/strong> Instituto Catal\u00e1n de Arqueolog\u00eda Cl\u00e1sica y Museo Diocesano de Tarragona<\/p>\n<p data-start=\"1879\" data-end=\"1985\"><strong data-start=\"1879\" data-end=\"1893\">Colaboran:<\/strong> Generalitat de Catalu\u00f1a, Ayuntamiento de Tarragona, Repsol y Universidad Rovira i Virgili<\/p>\n<p data-start=\"1987\" data-end=\"2050\"><strong data-start=\"1987\" data-end=\"2004\">Coordinaci\u00f3n:<\/strong> Andreu Mu\u00f1oz Virgili y Josep M. Macias Sol\u00e9<\/p>\n<p>[\/et_pb_text][et_pb_gallery gallery_ids=\u00bb3167,3169&#8243; posts_number=\u00bb16&#8243; show_title_and_caption=\u00bboff\u00bb show_pagination=\u00bboff\u00bb _builder_version=\u00bb4.27.4&#8243; _module_preset=\u00bbdefault\u00bb global_colors_info=\u00bb{}\u00bb][\/et_pb_gallery][\/et_pb_column][\/et_pb_row][\/et_pb_section]<\/p>\n","protected":false},"excerpt":{"rendered":"<p>Los pr\u00f3ximos d\u00edas 28 y 29 de noviembre, el Museo Diocesano de Tarragona y el ICAC (Instituto Catal\u00e1n de Arqueolog\u00eda Cl\u00e1sica) celebrar\u00e1n unas Jornadas de puertas abiertas y visitas guiadas [&hellip;]<\/p>\n","protected":false},"author":101,"featured_media":3171,"comment_status":"closed","ping_status":"closed","sticky":false,"template":"","format":"standard","meta":{"_et_pb_use_builder":"on","_et_pb_old_content":"","_et_gb_content_width":"","footnotes":""},"categories":[15],"tags":[],"class_list":["post-3221","post","type-post","status-publish","format-standard","has-post-thumbnail","hentry","category-noticias"],"amp_enabled":true,"_links":{"self":[{"href":"https:\/\/cultura.arqtgn.cat\/es\/wp-json\/wp\/v2\/posts\/3221","targetHints":{"allow":["GET"]}}],"collection":[{"href":"https:\/\/cultura.arqtgn.cat\/es\/wp-json\/wp\/v2\/posts"}],"about":[{"href":"https:\/\/cultura.arqtgn.cat\/es\/wp-json\/wp\/v2\/types\/post"}],"author":[{"embeddable":true,"href":"https:\/\/cultura.arqtgn.cat\/es\/wp-json\/wp\/v2\/users\/101"}],"replies":[{"embeddable":true,"href":"https:\/\/cultura.arqtgn.cat\/es\/wp-json\/wp\/v2\/comments?post=3221"}],"version-history":[{"count":5,"href":"https:\/\/cultura.arqtgn.cat\/es\/wp-json\/wp\/v2\/posts\/3221\/revisions"}],"predecessor-version":[{"id":3338,"href":"https:\/\/cultura.arqtgn.cat\/es\/wp-json\/wp\/v2\/posts\/3221\/revisions\/3338"}],"wp:featuredmedia":[{"embeddable":true,"href":"https:\/\/cultura.arqtgn.cat\/es\/wp-json\/wp\/v2\/media\/3171"}],"wp:attachment":[{"href":"https:\/\/cultura.arqtgn.cat\/es\/wp-json\/wp\/v2\/media?parent=3221"}],"wp:term":[{"taxonomy":"category","embeddable":true,"href":"https:\/\/cultura.arqtgn.cat\/es\/wp-json\/wp\/v2\/categories?post=3221"},{"taxonomy":"post_tag","embeddable":true,"href":"https:\/\/cultura.arqtgn.cat\/es\/wp-json\/wp\/v2\/tags?post=3221"}],"curies":[{"name":"wp","href":"https:\/\/api.w.org\/{rel}","templated":true}]}}