{"id":3305,"date":"2025-11-20T10:51:48","date_gmt":"2025-11-20T09:51:48","guid":{"rendered":"https:\/\/cultura.arqtgn.cat\/2025\/11\/20\/betlem-lorigen-pessebre-al-museu-biblic\/"},"modified":"2025-11-20T10:55:56","modified_gmt":"2025-11-20T09:55:56","slug":"betlem-lorigen-pessebre-al-museu-biblic","status":"publish","type":"post","link":"https:\/\/cultura.arqtgn.cat\/es\/2025\/11\/20\/betlem-lorigen-pessebre-al-museu-biblic\/","title":{"rendered":"\u201cBEL\u00c9N: EL ORIGEN\u201d. Pesebre en el Museo B\u00edblico"},"content":{"rendered":"<p>[et_pb_section fb_built=\u00bb1&#8243; _builder_version=\u00bb4.21.0&#8243; _module_preset=\u00bbdefault\u00bb global_colors_info=\u00bb{}\u00bb][et_pb_row _builder_version=\u00bb4.21.0&#8243; _module_preset=\u00bbdefault\u00bb global_colors_info=\u00bb{}\u00bb][et_pb_column type=\u00bb4_4&#8243; _builder_version=\u00bb4.21.0&#8243; _module_preset=\u00bbdefault\u00bb global_colors_info=\u00bb{}\u00bb][et_pb_text _builder_version=\u00bb4.27.4&#8243; _module_preset=\u00bbdefault\u00bb hover_enabled=\u00bb0&#8243; global_colors_info=\u00bb{}\u00bb sticky_enabled=\u00bb0&#8243;]<\/p>\n<p data-start=\"49\" data-end=\"219\">El Museo B\u00edblico Tarraconense presenta el nuevo bel\u00e9n titulado <strong data-start=\"112\" data-end=\"132\">Bel\u00e9n: El origen<\/strong>, una recreaci\u00f3n hist\u00f3rica del Bel\u00e9n de Judea en el momento del nacimiento de Cristo.<\/p>\n<p data-start=\"221\" data-end=\"667\">La creaci\u00f3n del bel\u00e9n corre a cargo del farmac\u00e9utico y belenista <strong data-start=\"286\" data-end=\"312\">Sr. Joaquim Nolla Sol\u00e9<\/strong> (Asociaci\u00f3n Belenista de Tarragona) con la ayuda de los <strong data-start=\"369\" data-end=\"384\">voluntarios<\/strong> del Museo B\u00edblico: Jordi Llu\u00eds Rovira Canyelles, Andreu Ximenis Rovira, Josep M. Brull Alabart y Jordi Folch Ras. El bel\u00e9n forma parte de un conjunto de maquetas que explican la evoluci\u00f3n hist\u00f3rica del lugar de la Natividad desde los or\u00edgenes del cristianismo hasta nuestros d\u00edas.<\/p>\n<p data-start=\"669\" data-end=\"968\">El acto de <strong data-start=\"680\" data-end=\"696\">inauguraci\u00f3n<\/strong> tendr\u00e1 lugar el martes, 25 de noviembre a las 19:00 h en el Museo B\u00edblico Tarraconense y contar\u00e1 con la conferencia <strong data-start=\"813\" data-end=\"865\">La gruta de la Natividad: Historia y arqueolog\u00eda<\/strong>, a cargo del Dr. Andreu Mu\u00f1oz Melgar. Presidir\u00e1 el acto el arzobispo <strong data-start=\"935\" data-end=\"965\">Joan Planellas i Barnosell<\/strong>.<\/p>\n<p data-start=\"970\" data-end=\"1135\">La exposici\u00f3n se podr\u00e1 visitar del <strong data-start=\"1005\" data-end=\"1056\">26 de noviembre de 2025 al 2 de febrero de 2026<\/strong>, en horario de apertura del Museo. La entrada tiene un coste de <strong data-start=\"1121\" data-end=\"1132\">2 euros<\/strong>.<\/p>\n<p data-start=\"1137\" data-end=\"1492\">El <strong data-start=\"1140\" data-end=\"1182\">Secretariado para la Animaci\u00f3n B\u00edblica<\/strong> del Arzobispado de Tarragona dispondr\u00e1 de un espacio donde se podr\u00e1 adquirir <strong data-start=\"1260\" data-end=\"1289\">artesan\u00eda de Tierra Santa<\/strong> para ayudar a los cristianos de esas comunidades. Los d\u00edas 16 y 20 de diciembre se ofrecer\u00e1n visitas comentadas con la Biblia en la mano, a cargo de <strong data-start=\"1439\" data-end=\"1461\">M. Esperan\u00e7a Amill<\/strong>, directora del Secretariado.<\/p>\n<p data-start=\"1494\" data-end=\"1983\">Por otra parte, como cada a\u00f1o, el <strong data-start=\"1528\" data-end=\"1545\">Museo B\u00edblico<\/strong> saca a la venta un <strong data-start=\"1565\" data-end=\"1585\">nuevo recortable<\/strong>. El material est\u00e1 pensado para los ni\u00f1os y puede ser un buen recurso para trabajar la Navidad en el aula o en la catequesis. Cada <strong data-start=\"1716\" data-end=\"1730\">recortable<\/strong> tiene un precio de <strong data-start=\"1750\" data-end=\"1761\">3 euros<\/strong>. Para pedidos grandes, se puede reservar a trav\u00e9s del correo <strong data-start=\"1823\" data-end=\"1850\"><a class=\"decorated-link cursor-pointer\" rel=\"noopener\" data-start=\"1825\" data-end=\"1848\">museu.biblic@arqtgn.cat<\/a><\/strong> o llamando al tel\u00e9fono del Museo B\u00edblico Tarraconense, <strong data-start=\"1906\" data-end=\"1922\">977 25 18 88<\/strong>. Tambi\u00e9n se podr\u00e1 adquirir en la librer\u00eda del Arzobispado.<\/p>\n<p>[\/et_pb_text][et_pb_gallery gallery_ids=\u00bb3298,3300&#8243; posts_number=\u00bb16&#8243; show_title_and_caption=\u00bboff\u00bb show_pagination=\u00bboff\u00bb _builder_version=\u00bb4.27.4&#8243; _module_preset=\u00bbdefault\u00bb global_colors_info=\u00bb{}\u00bb][\/et_pb_gallery][\/et_pb_column][\/et_pb_row][\/et_pb_section]<\/p>\n","protected":false},"excerpt":{"rendered":"<p>El Museo B\u00edblico Tarraconense presenta el nuevo bel\u00e9n titulado Bel\u00e9n: El origen, una recreaci\u00f3n hist\u00f3rica del Bel\u00e9n de Judea en el momento del nacimiento de Cristo. La creaci\u00f3n del bel\u00e9n [&hellip;]<\/p>\n","protected":false},"author":101,"featured_media":3302,"comment_status":"closed","ping_status":"closed","sticky":false,"template":"","format":"standard","meta":{"_et_pb_use_builder":"on","_et_pb_old_content":"","_et_gb_content_width":"","footnotes":""},"categories":[15],"tags":[],"class_list":["post-3305","post","type-post","status-publish","format-standard","has-post-thumbnail","hentry","category-noticias"],"amp_enabled":true,"_links":{"self":[{"href":"https:\/\/cultura.arqtgn.cat\/es\/wp-json\/wp\/v2\/posts\/3305","targetHints":{"allow":["GET"]}}],"collection":[{"href":"https:\/\/cultura.arqtgn.cat\/es\/wp-json\/wp\/v2\/posts"}],"about":[{"href":"https:\/\/cultura.arqtgn.cat\/es\/wp-json\/wp\/v2\/types\/post"}],"author":[{"embeddable":true,"href":"https:\/\/cultura.arqtgn.cat\/es\/wp-json\/wp\/v2\/users\/101"}],"replies":[{"embeddable":true,"href":"https:\/\/cultura.arqtgn.cat\/es\/wp-json\/wp\/v2\/comments?post=3305"}],"version-history":[{"count":3,"href":"https:\/\/cultura.arqtgn.cat\/es\/wp-json\/wp\/v2\/posts\/3305\/revisions"}],"predecessor-version":[{"id":3309,"href":"https:\/\/cultura.arqtgn.cat\/es\/wp-json\/wp\/v2\/posts\/3305\/revisions\/3309"}],"wp:featuredmedia":[{"embeddable":true,"href":"https:\/\/cultura.arqtgn.cat\/es\/wp-json\/wp\/v2\/media\/3302"}],"wp:attachment":[{"href":"https:\/\/cultura.arqtgn.cat\/es\/wp-json\/wp\/v2\/media?parent=3305"}],"wp:term":[{"taxonomy":"category","embeddable":true,"href":"https:\/\/cultura.arqtgn.cat\/es\/wp-json\/wp\/v2\/categories?post=3305"},{"taxonomy":"post_tag","embeddable":true,"href":"https:\/\/cultura.arqtgn.cat\/es\/wp-json\/wp\/v2\/tags?post=3305"}],"curies":[{"name":"wp","href":"https:\/\/api.w.org\/{rel}","templated":true}]}}