{"id":3366,"date":"2025-11-26T17:51:19","date_gmt":"2025-11-26T16:51:19","guid":{"rendered":"https:\/\/cultura.arqtgn.cat\/2025\/11\/26\/el-museu-biblic-inaugura-el-pessebre-que-recrea-betlem-en-lepoca-de-jesus\/"},"modified":"2025-11-26T17:54:21","modified_gmt":"2025-11-26T16:54:21","slug":"el-museu-biblic-inaugura-el-pessebre-que-recrea-betlem-en-lepoca-de-jesus","status":"publish","type":"post","link":"https:\/\/cultura.arqtgn.cat\/es\/2025\/11\/26\/el-museu-biblic-inaugura-el-pessebre-que-recrea-betlem-en-lepoca-de-jesus\/","title":{"rendered":"El Museu B\u00edblic inaugura el pesebre que recrea Bel\u00e9n en la \u00e9poca de Jes\u00fas"},"content":{"rendered":"<p>[et_pb_section fb_built=\u00bb1&#8243; _builder_version=\u00bb4.21.0&#8243; _module_preset=\u00bbdefault\u00bb global_colors_info=\u00bb{}\u00bb][et_pb_row _builder_version=\u00bb4.21.0&#8243; _module_preset=\u00bbdefault\u00bb global_colors_info=\u00bb{}\u00bb][et_pb_column type=\u00bb4_4&#8243; _builder_version=\u00bb4.21.0&#8243; _module_preset=\u00bbdefault\u00bb global_colors_info=\u00bb{}\u00bb][et_pb_text _builder_version=\u00bb4.27.4&#8243; _module_preset=\u00bbdefault\u00bb global_colors_info=\u00bb{}\u00bb]<\/p>\n<p>\u200bUn a\u00f1o m\u00e1s, el Museu B\u00edblic Tarraconense cuenta con su pesebre, que en esta ocasi\u00f3n ofrece una recreaci\u00f3n de c\u00f3mo pod\u00eda ser Bel\u00e9n en la \u00e9poca de Jes\u00fas. As\u00ed, este bel\u00e9n tiene una inspiraci\u00f3n profundamente b\u00edblica. En las Sagradas Escrituras, los profetas anunciaban la llegada del Mes\u00edas a Bel\u00e9n, la Casa del Pan. As\u00ed fue y as\u00ed lo recogieron los evangelistas Lucas y Mateo.<\/p>\n<p>Jos\u00e9 y Mar\u00eda, que estaba embarazada, llegaron a Bel\u00e9n para empadronarse de acuerdo a las prescripciones de las autoridades romanas. All\u00ed fue donde Mar\u00eda dio a luz a Jes\u00fas y, fajado con pa\u00f1ales, lo puso en un pesebre. Se infiere que Jos\u00e9 encontr\u00f3 acogida en la casa de algunos parientes, pero al estar llena la parte superior de la vivienda, se ubicaron en la planta inferior, una establo excavado en la roca que encontramos representada en el pesebre del Museu B\u00edblic.<\/p>\n<p>Esta casa-cueva, de la que ya hablaba san Justino hacia el a\u00f1o 150 y tambi\u00e9n el Protoevangelio de Jaime, aparece en el pesebre enmarcada en una reconstrucci\u00f3n idealizada del pueblo de Bel\u00e9n, con la sinagoga, las murallas construidas por Roboam, hijo de Salom\u00f3n, que, mil a\u00f1os despu\u00e9s de su construcci\u00f3n, se conservaban bastante deterioradas y, a las afueras, el Herodion del rey Herodes el Grande. En el pesebre tampoco faltan los sabios de Oriente, vestidos con la caracter\u00edstica gorra fr\u00edgia.<\/p>\n<p>Paralelamente, la muestra se complementa con otras dos representaciones. Por un lado, se ha confeccionado una maqueta que representa el bosque sagrado dedicado a Adonis que el emperador Adri\u00e1n edific\u00f3 sobre la cueva en la que naci\u00f3 Jes\u00fas. Y, en segundo lugar, con la eliminaci\u00f3n de este bosque sagrado que debi\u00f3 producirse en el a\u00f1o 333, el emperador Constantino hizo construir una bas\u00edlica cristiana encabezada por un oct\u00f3gono que enmarcaba la gruta, para permitir a los fieles ver la sagrada cueva desde una barandilla.<\/p>\n<p>Esta primera bas\u00edlica cristiana de Constantino es la que tambi\u00e9n se ha recreado en la tercera maqueta que complementa a la muestra. La bas\u00edlica, destruida en el siglo VI durante la guerra de los samaritanos contra el imperio bizantino, fue sustituida por otra edificada por el emperador Justiniano en 531 que, con construcciones anexas y algunas reformas, es la que ha llegado a nuestros d\u00edas.<\/p>\n<p><strong>Inauguraci\u00f3n del pesebre<\/strong><\/p>\n<p>Este bel\u00e9n monumental fue inaugurado el martes d\u00eda 25 de noviembre en un acto que presidi\u00f3 el Sr. Arzobispo y que cont\u00f3 con una conferencia explicativa sobre la reconstrucci\u00f3n realizada que corri\u00f3 a cargo del delegado diocesano para la cultura, Andreu Mu\u00f1oz.<\/p>\n<p>Durante el acto de inauguraci\u00f3n, se dio las gracias a las personas encargadas de realizar el pesebre: el pesebrista Joaquim Nolla, el encargado de las figuras, Andreu Ximenis; el encargado de la pintura, Jordi Llu\u00eds Rovira, y los montadores, Josep Maria Brull, Adolf Quetcuti, Josefina Folch, Paco Roca, Rosa Ferrer y Jordi Folch.<\/p>\n<p>El pesebre se podr\u00e1 visitar hasta el d\u00eda 2 de febrero en el Museu B\u00edblic Tarraconense, de lunes a viernes de 9.00 a 13.00 h y de 15.00 a 18.00 h y los s\u00e1bados de 9.00 a 14.00 h, exceptuando los d\u00edas festivos. El precio de la entrada ser\u00e1 de 2 euros.<\/p>\n<p>Durante todos los d\u00edas en los que se podr\u00e1 visitar el pesebre, el Secretariado diocesano de animaci\u00f3n b\u00edblica tendr\u00e1 una parada con productos artesanales de Tierra Santa. De este modo, se podr\u00e1 colaborar con los cristianos que viven en la tierra en la que naci\u00f3 Jes\u00fas y que tanto sufren por los conflictos del territorio.<\/p>\n<p><a href=\"https:\/\/fototeca.mcs.arqtgn.cat\/index.php?\/category\/2614\" target=\"_blank\" rel=\"noopener\"><strong>Galer\u00eda fotogr\u00e1fica&gt;&gt;<\/strong><\/a><\/p>\n<p>[\/et_pb_text][et_pb_gallery gallery_ids=\u00bb3359,3355,3361,3357,3349,3351,3353,3347&#8243; posts_number=\u00bb16&#8243; show_title_and_caption=\u00bboff\u00bb show_pagination=\u00bboff\u00bb _builder_version=\u00bb4.27.4&#8243; _module_preset=\u00bbdefault\u00bb global_colors_info=\u00bb{}\u00bb][\/et_pb_gallery][\/et_pb_column][\/et_pb_row][\/et_pb_section]<\/p>\n","protected":false},"excerpt":{"rendered":"<p>\u200bUn a\u00f1o m\u00e1s, el Museu B\u00edblic Tarraconense cuenta con su pesebre, que en esta ocasi\u00f3n ofrece una recreaci\u00f3n de c\u00f3mo pod\u00eda ser Bel\u00e9n en la \u00e9poca de Jes\u00fas. As\u00ed, este [&hellip;]<\/p>\n","protected":false},"author":101,"featured_media":3363,"comment_status":"closed","ping_status":"closed","sticky":false,"template":"","format":"standard","meta":{"_et_pb_use_builder":"on","_et_pb_old_content":"","_et_gb_content_width":"","footnotes":""},"categories":[15],"tags":[],"class_list":["post-3366","post","type-post","status-publish","format-standard","has-post-thumbnail","hentry","category-noticias"],"amp_enabled":true,"_links":{"self":[{"href":"https:\/\/cultura.arqtgn.cat\/es\/wp-json\/wp\/v2\/posts\/3366","targetHints":{"allow":["GET"]}}],"collection":[{"href":"https:\/\/cultura.arqtgn.cat\/es\/wp-json\/wp\/v2\/posts"}],"about":[{"href":"https:\/\/cultura.arqtgn.cat\/es\/wp-json\/wp\/v2\/types\/post"}],"author":[{"embeddable":true,"href":"https:\/\/cultura.arqtgn.cat\/es\/wp-json\/wp\/v2\/users\/101"}],"replies":[{"embeddable":true,"href":"https:\/\/cultura.arqtgn.cat\/es\/wp-json\/wp\/v2\/comments?post=3366"}],"version-history":[{"count":4,"href":"https:\/\/cultura.arqtgn.cat\/es\/wp-json\/wp\/v2\/posts\/3366\/revisions"}],"predecessor-version":[{"id":3370,"href":"https:\/\/cultura.arqtgn.cat\/es\/wp-json\/wp\/v2\/posts\/3366\/revisions\/3370"}],"wp:featuredmedia":[{"embeddable":true,"href":"https:\/\/cultura.arqtgn.cat\/es\/wp-json\/wp\/v2\/media\/3363"}],"wp:attachment":[{"href":"https:\/\/cultura.arqtgn.cat\/es\/wp-json\/wp\/v2\/media?parent=3366"}],"wp:term":[{"taxonomy":"category","embeddable":true,"href":"https:\/\/cultura.arqtgn.cat\/es\/wp-json\/wp\/v2\/categories?post=3366"},{"taxonomy":"post_tag","embeddable":true,"href":"https:\/\/cultura.arqtgn.cat\/es\/wp-json\/wp\/v2\/tags?post=3366"}],"curies":[{"name":"wp","href":"https:\/\/api.w.org\/{rel}","templated":true}]}}