{"id":3384,"date":"2025-11-29T10:25:06","date_gmt":"2025-11-29T09:25:06","guid":{"rendered":"https:\/\/cultura.arqtgn.cat\/2025\/11\/29\/la-llibreria-diocesana-organitza-la-presentacio-del-llibre-lleo-xiv-lherencia-de-francesc-i-el-futur-de-lesglesia-amb-jordi-pacheco\/"},"modified":"2025-11-29T10:32:09","modified_gmt":"2025-11-29T09:32:09","slug":"la-llibreria-diocesana-organitza-la-presentacio-del-llibre-lleo-xiv-lherencia-de-francesc-i-el-futur-de-lesglesia-amb-jordi-pacheco","status":"publish","type":"post","link":"https:\/\/cultura.arqtgn.cat\/es\/2025\/11\/29\/la-llibreria-diocesana-organitza-la-presentacio-del-llibre-lleo-xiv-lherencia-de-francesc-i-el-futur-de-lesglesia-amb-jordi-pacheco\/","title":{"rendered":"La Librer\u00eda Diocesana organiza la presentaci\u00f3n del libro \u201cLe\u00f3n XIV. La herencia de Francisco y el futuro de la Iglesia\u201d con Jordi Pacheco"},"content":{"rendered":"<p>[et_pb_section fb_built=\u00bb1&#8243; _builder_version=\u00bb4.21.0&#8243; _module_preset=\u00bbdefault\u00bb global_colors_info=\u00bb{}\u00bb][et_pb_row _builder_version=\u00bb4.21.0&#8243; _module_preset=\u00bbdefault\u00bb global_colors_info=\u00bb{}\u00bb][et_pb_column type=\u00bb4_4&#8243; _builder_version=\u00bb4.21.0&#8243; _module_preset=\u00bbdefault\u00bb global_colors_info=\u00bb{}\u00bb][et_pb_text _builder_version=\u00bb4.27.4&#8243; _module_preset=\u00bbdefault\u00bb hover_enabled=\u00bb0&#8243; global_colors_info=\u00bb{}\u00bb sticky_enabled=\u00bb0&#8243;]<\/p>\n<p>\u200bLa <strong data-start=\"198\" data-end=\"220\">Librer\u00eda Diocesana<\/strong> organiza el pr\u00f3ximo jueves 11 de diciembre la presentaci\u00f3n del libro <em data-start=\"290\" data-end=\"352\">Le\u00f3n XIV. La herencia de Francisco y el futuro de la Iglesia<\/em>, del periodista y director de la Agencia Flama de Noticias Religiosas, <strong data-start=\"424\" data-end=\"441\">Jordi Pacheco<\/strong>. El acto se celebrar\u00e1 a las 19 h en el espacio de la cafeter\u00eda del Arzobispado.<\/p>\n<p data-start=\"523\" data-end=\"788\">Media hora antes, a las <strong data-start=\"547\" data-end=\"558\">18:30 h<\/strong>, los asistentes est\u00e1n invitados a compartir un caf\u00e9 con pastas y conversar informalmente con el autor en el espacio de la librer\u00eda. Pacheco tambi\u00e9n firmar\u00e1 ejemplares del libro, que ya se pueden adquirir en la Librer\u00eda Diocesana.<\/p>\n<h3 data-start=\"790\" data-end=\"824\">Promoci\u00f3n especial de Adviento<\/h3>\n<p data-start=\"826\" data-end=\"943\">Durante toda la jornada del 11 de diciembre, la Librer\u00eda Diocesana ofrecer\u00e1 una <strong data-start=\"906\" data-end=\"940\">promoci\u00f3n especial de Adviento<\/strong>:<\/p>\n<ul data-start=\"944\" data-end=\"1139\">\n<li data-start=\"944\" data-end=\"997\">\n<p data-start=\"946\" data-end=\"997\"><strong data-start=\"946\" data-end=\"966\">10% de descuento<\/strong> en libros de su fondo propio<\/p>\n<\/li>\n<li data-start=\"998\" data-end=\"1139\">\n<p data-start=\"1000\" data-end=\"1139\"><strong data-start=\"1000\" data-end=\"1020\">15% de descuento<\/strong> en libros infantiles, incluidos los cuentos del Seguici Popular de Santa Tecla y otros t\u00edtulos para los m\u00e1s peque\u00f1os<\/p>\n<\/li>\n<\/ul>\n<p data-start=\"1141\" data-end=\"1201\">Una oportunidad ideal para adelantar los regalos de Navidad.<\/p>\n<h3 data-start=\"1203\" data-end=\"1242\">Nueva colecci\u00f3n de figuras de bel\u00e9n<\/h3>\n<p data-start=\"1244\" data-end=\"1575\">La librer\u00eda presenta tambi\u00e9n una nueva colecci\u00f3n de figuras de bel\u00e9n de la artista <strong data-start=\"1327\" data-end=\"1347\">Montserrat Ribes<\/strong>. Se pueden encontrar figuras sueltas \u2014como \u00e1ngeles, el buey y la mula\u2014 y diversos conjuntos de nacimientos en distintos formatos y precios. Las compras realizadas el mismo 11 de diciembre disfrutar\u00e1n de un <strong data-start=\"1554\" data-end=\"1574\">10% de descuento<\/strong>.<\/p>\n<p data-start=\"1577\" data-end=\"1676\">Entre las novedades destacan los nacimientos <strong data-start=\"1622\" data-end=\"1637\">Bon Descans<\/strong>, <strong data-start=\"1639\" data-end=\"1652\">Intimitat<\/strong> y <strong data-start=\"1655\" data-end=\"1675\">Can\u00e7\u00f3 de Bressol<\/strong>.<\/p>\n<p>[\/et_pb_text][et_pb_gallery gallery_ids=\u00bb3377&#8243; posts_number=\u00bb16&#8243; show_title_and_caption=\u00bboff\u00bb show_pagination=\u00bboff\u00bb _builder_version=\u00bb4.27.4&#8243; _module_preset=\u00bbdefault\u00bb global_colors_info=\u00bb{}\u00bb][\/et_pb_gallery][\/et_pb_column][\/et_pb_row][\/et_pb_section]<\/p>\n","protected":false},"excerpt":{"rendered":"<p>\u200bLa Librer\u00eda Diocesana organiza el pr\u00f3ximo jueves 11 de diciembre la presentaci\u00f3n del libro Le\u00f3n XIV. La herencia de Francisco y el futuro de la Iglesia, del periodista y director [&hellip;]<\/p>\n","protected":false},"author":101,"featured_media":3382,"comment_status":"closed","ping_status":"closed","sticky":false,"template":"","format":"standard","meta":{"_et_pb_use_builder":"on","_et_pb_old_content":"","_et_gb_content_width":"","footnotes":""},"categories":[15],"tags":[],"class_list":["post-3384","post","type-post","status-publish","format-standard","has-post-thumbnail","hentry","category-noticias"],"amp_enabled":true,"_links":{"self":[{"href":"https:\/\/cultura.arqtgn.cat\/es\/wp-json\/wp\/v2\/posts\/3384","targetHints":{"allow":["GET"]}}],"collection":[{"href":"https:\/\/cultura.arqtgn.cat\/es\/wp-json\/wp\/v2\/posts"}],"about":[{"href":"https:\/\/cultura.arqtgn.cat\/es\/wp-json\/wp\/v2\/types\/post"}],"author":[{"embeddable":true,"href":"https:\/\/cultura.arqtgn.cat\/es\/wp-json\/wp\/v2\/users\/101"}],"replies":[{"embeddable":true,"href":"https:\/\/cultura.arqtgn.cat\/es\/wp-json\/wp\/v2\/comments?post=3384"}],"version-history":[{"count":3,"href":"https:\/\/cultura.arqtgn.cat\/es\/wp-json\/wp\/v2\/posts\/3384\/revisions"}],"predecessor-version":[{"id":3388,"href":"https:\/\/cultura.arqtgn.cat\/es\/wp-json\/wp\/v2\/posts\/3384\/revisions\/3388"}],"wp:featuredmedia":[{"embeddable":true,"href":"https:\/\/cultura.arqtgn.cat\/es\/wp-json\/wp\/v2\/media\/3382"}],"wp:attachment":[{"href":"https:\/\/cultura.arqtgn.cat\/es\/wp-json\/wp\/v2\/media?parent=3384"}],"wp:term":[{"taxonomy":"category","embeddable":true,"href":"https:\/\/cultura.arqtgn.cat\/es\/wp-json\/wp\/v2\/categories?post=3384"},{"taxonomy":"post_tag","embeddable":true,"href":"https:\/\/cultura.arqtgn.cat\/es\/wp-json\/wp\/v2\/tags?post=3384"}],"curies":[{"name":"wp","href":"https:\/\/api.w.org\/{rel}","templated":true}]}}