{"id":3450,"date":"2026-01-16T11:54:49","date_gmt":"2026-01-16T10:54:49","guid":{"rendered":"https:\/\/cultura.arqtgn.cat\/2026\/01\/16\/nous-espais-de-reserves-del-fons-del-museu-diocesa-de-tarragona-amb-el-suport-de-la-generalitat-de-catalunya\/"},"modified":"2026-01-20T10:18:25","modified_gmt":"2026-01-20T09:18:25","slug":"nous-espais-de-reserves-del-fons-del-museu-diocesa-de-tarragona-amb-el-suport-de-la-generalitat-de-catalunya","status":"publish","type":"post","link":"https:\/\/cultura.arqtgn.cat\/es\/2026\/01\/16\/nous-espais-de-reserves-del-fons-del-museu-diocesa-de-tarragona-amb-el-suport-de-la-generalitat-de-catalunya\/","title":{"rendered":"Nuevos espacios de reservas del fondo del Museo Diocesano de Tarragona, con el apoyo del Departament de Cultura de la Generalitat de Catalunya"},"content":{"rendered":"<p>[et_pb_section fb_built=\u00bb1&#8243; _builder_version=\u00bb4.21.0&#8243; _module_preset=\u00bbdefault\u00bb global_colors_info=\u00bb{}\u00bb][et_pb_row _builder_version=\u00bb4.21.0&#8243; _module_preset=\u00bbdefault\u00bb global_colors_info=\u00bb{}\u00bb][et_pb_column type=\u00bb4_4&#8243; _builder_version=\u00bb4.21.0&#8243; _module_preset=\u00bbdefault\u00bb global_colors_info=\u00bb{}\u00bb][et_pb_text _builder_version=\u00bb4.27.5&#8243; _module_preset=\u00bbdefault\u00bb hover_enabled=\u00bb0&#8243; global_colors_info=\u00bb{}\u00bb sticky_enabled=\u00bb0&#8243;]<\/p>\n<p data-start=\"0\" data-end=\"440\">El <strong data-start=\"3\" data-end=\"35\">Museo Diocesano de Tarragona<\/strong> ha culminado recientemente la adecuaci\u00f3n de los nuevos espacios de reserva de su fondo patrimonial, un proyecto estrat\u00e9gico que garantiza la correcta conservaci\u00f3n, gesti\u00f3n y estudio de m\u00e1s de diez mil piezas art\u00edsticas y arqueol\u00f3gicas. Esta actuaci\u00f3n ha sido posible gracias al <strong>apoyo decisivo del Departament de Cultura de la Generalitat de Catalunya<\/strong>, que ha concedido <strong>tres subvenciones<\/strong> destinadas a hacer realidad el proyecto.<\/p>\n<p data-start=\"442\" data-end=\"967\">En el marco de esta actuaci\u00f3n, el delegado diocesano para la cultura y director del Museo, Andreu Mu\u00f1oz, y la conservadora, M\u00edriam Ramon, mostraron el pasado d\u00eda 13 de enero al personal de la curia diocesana los nuevos espacios de reserva donde se conservan obras pict\u00f3ricas, esculturas, tapices y el lapidario del Museo. Durante la visita institucional, el Sr. Arzobispo felicit\u00f3 al equipo del Museo por los esfuerzos realizados y por la mejora sustancial en las condiciones de conservaci\u00f3n del patrimonio diocesano.<\/p>\n<h3 data-start=\"969\" data-end=\"1028\">Tres subvenciones clave para hacer realidad el proyecto<\/h3>\n<p data-start=\"1030\" data-end=\"1251\">El proyecto de los nuevos espacios de reserva se ha podido desarrollar gracias a<strong> tres l\u00edneas de ayuda del Departament de Cultura de la Generalitat de Catalunya<\/strong>, que han apoyado diferentes fases fundamentales del proceso.<\/p>\n<p data-start=\"1253\" data-end=\"1846\">Por un lado, se ha concedido una subvenci\u00f3n para la <strong>revisi\u00f3n y actualizaci\u00f3n de la catalogaci\u00f3n de los bienes culturales<\/strong> de los fondos de reserva. Esta actuaci\u00f3n ha permitido actualizar y completar las fichas de catalogaci\u00f3n de <strong>5.500 piezas<\/strong>, mejorando la identificaci\u00f3n, el control, la gesti\u00f3n interna, la detecci\u00f3n de posibles patolog\u00edas y el servicio a la investigaci\u00f3n. Los trabajos, realizados por la empresa T\u00edmia Art &amp; Research, se han llevado a cabo considerando una revisi\u00f3n f\u00edsica detallada de las obras y una coordinaci\u00f3n estrecha entre documentaci\u00f3n y conservaci\u00f3n-restauraci\u00f3n.<\/p>\n<p data-start=\"1848\" data-end=\"2460\">En segundo lugar, el Museo ha recibido una subvenci\u00f3n para el <strong>traslado y la reorganizaci\u00f3n del fondo de reservas<\/strong> al nuevo espacio, un proceso ejecutado entre los meses de octubre y diciembre de 2025. Esta actuaci\u00f3n ha permitido abandonar definitivamente los antiguos espacios de reserva, utilizados durante m\u00e1s de treinta a\u00f1os y que presentaban importantes deficiencias de conservaci\u00f3n, tal como hab\u00edan se\u00f1alado informes t\u00e9cnicos previos. El traslado se ha realizado siguiendo criterios museol\u00f3gicos y de conservaci\u00f3n preventiva, asegurando la protecci\u00f3n de las obras y optimizando su ordenaci\u00f3n y accesibilidad.<\/p>\n<p data-start=\"2462\" data-end=\"2888\">Finalmente, una tercera subvenci\u00f3n ha hecho posible la <strong>adquisici\u00f3n de mobiliario especializado<\/strong>, as\u00ed como la <strong>instalaci\u00f3n de sistemas de seguridad y climatizaci\u00f3n<\/strong> para el nuevo espacio de reservas. Estas mejoras garantizan unas condiciones ambientales estables y una protecci\u00f3n adecuada de las piezas, de acuerdo con los criterios museol\u00f3gicos vigentes, y refuerzan la conservaci\u00f3n preventiva y la sostenibilidad del patrimonio.<\/p>\n<h3 data-start=\"2890\" data-end=\"2968\">Un proyecto al servicio de la conservaci\u00f3n, la investigaci\u00f3n y la sociedad<\/h3>\n<p data-start=\"2970\" data-end=\"3245\">Los nuevos espacios de reserva del Museo Diocesano de Tarragona no solo aseguran una mejor preservaci\u00f3n del fondo patrimonial, sino que tambi\u00e9n permitir\u00e1n <strong>acoger a investigadores, estudiantes y visitas guiadas<\/strong>, reforzando la funci\u00f3n educativa, social y divulgativa del Museo.<\/p>\n<p data-start=\"3247\" data-end=\"3548\" data-is-last-node=\"\" data-is-only-node=\"\">Desde el Museo Diocesano de Tarragona se quiere <strong>agradecer expl\u00edcitamente el apoyo del Departament de Cultura de la Generalitat de Catalunya<\/strong>, ya que la concesi\u00f3n de estas tres subvenciones ha sido clave para llevar a cabo un proyecto esencial para la protecci\u00f3n, el conocimiento y la difusi\u00f3n del patrimonio sacro del territorio.<\/p>\n<p>[\/et_pb_text][et_pb_gallery gallery_ids=\u00bb3469,3441,3443,3439,3437&#8243; posts_number=\u00bb16&#8243; show_title_and_caption=\u00bboff\u00bb show_pagination=\u00bboff\u00bb _builder_version=\u00bb4.27.5&#8243; _module_preset=\u00bbdefault\u00bb global_colors_info=\u00bb{}\u00bb][\/et_pb_gallery][\/et_pb_column][\/et_pb_row][\/et_pb_section]<\/p>\n","protected":false},"excerpt":{"rendered":"<p>El Museo Diocesano de Tarragona ha culminado recientemente la adecuaci\u00f3n de los nuevos espacios de reserva de su fondo patrimonial, un proyecto estrat\u00e9gico que garantiza la correcta conservaci\u00f3n, gesti\u00f3n y [&hellip;]<\/p>\n","protected":false},"author":101,"featured_media":3445,"comment_status":"closed","ping_status":"closed","sticky":false,"template":"","format":"standard","meta":{"_et_pb_use_builder":"on","_et_pb_old_content":"","_et_gb_content_width":"","footnotes":""},"categories":[15],"tags":[],"class_list":["post-3450","post","type-post","status-publish","format-standard","has-post-thumbnail","hentry","category-noticias"],"amp_enabled":true,"_links":{"self":[{"href":"https:\/\/cultura.arqtgn.cat\/es\/wp-json\/wp\/v2\/posts\/3450","targetHints":{"allow":["GET"]}}],"collection":[{"href":"https:\/\/cultura.arqtgn.cat\/es\/wp-json\/wp\/v2\/posts"}],"about":[{"href":"https:\/\/cultura.arqtgn.cat\/es\/wp-json\/wp\/v2\/types\/post"}],"author":[{"embeddable":true,"href":"https:\/\/cultura.arqtgn.cat\/es\/wp-json\/wp\/v2\/users\/101"}],"replies":[{"embeddable":true,"href":"https:\/\/cultura.arqtgn.cat\/es\/wp-json\/wp\/v2\/comments?post=3450"}],"version-history":[{"count":11,"href":"https:\/\/cultura.arqtgn.cat\/es\/wp-json\/wp\/v2\/posts\/3450\/revisions"}],"predecessor-version":[{"id":3477,"href":"https:\/\/cultura.arqtgn.cat\/es\/wp-json\/wp\/v2\/posts\/3450\/revisions\/3477"}],"wp:featuredmedia":[{"embeddable":true,"href":"https:\/\/cultura.arqtgn.cat\/es\/wp-json\/wp\/v2\/media\/3445"}],"wp:attachment":[{"href":"https:\/\/cultura.arqtgn.cat\/es\/wp-json\/wp\/v2\/media?parent=3450"}],"wp:term":[{"taxonomy":"category","embeddable":true,"href":"https:\/\/cultura.arqtgn.cat\/es\/wp-json\/wp\/v2\/categories?post=3450"},{"taxonomy":"post_tag","embeddable":true,"href":"https:\/\/cultura.arqtgn.cat\/es\/wp-json\/wp\/v2\/tags?post=3450"}],"curies":[{"name":"wp","href":"https:\/\/api.w.org\/{rel}","templated":true}]}}