{"id":3537,"date":"2026-02-25T16:03:04","date_gmt":"2026-02-25T15:03:04","guid":{"rendered":"https:\/\/cultura.arqtgn.cat\/2026\/02\/25\/club-de-lectura-per-a-endinsar-nos-en-la-biblia\/"},"modified":"2026-02-25T16:08:04","modified_gmt":"2026-02-25T15:08:04","slug":"club-de-lectura-per-a-endinsar-nos-en-la-biblia","status":"publish","type":"post","link":"https:\/\/cultura.arqtgn.cat\/es\/2026\/02\/25\/club-de-lectura-per-a-endinsar-nos-en-la-biblia\/","title":{"rendered":"Club de Lectura para adentrarnos en la Biblia"},"content":{"rendered":"<p>[et_pb_section fb_built=\u00bb1&#8243; _builder_version=\u00bb4.21.0&#8243; _module_preset=\u00bbdefault\u00bb global_colors_info=\u00bb{}\u00bb][et_pb_row _builder_version=\u00bb4.21.0&#8243; _module_preset=\u00bbdefault\u00bb global_colors_info=\u00bb{}\u00bb][et_pb_column type=\u00bb4_4&#8243; _builder_version=\u00bb4.21.0&#8243; _module_preset=\u00bbdefault\u00bb global_colors_info=\u00bb{}\u00bb][et_pb_text _builder_version=\u00bb4.27.5&#8243; _module_preset=\u00bbdefault\u00bb global_colors_info=\u00bb{}\u00bb]<\/p>\n<div class=\"flex max-w-full flex-col grow\">\n<div class=\"min-h-8 text-message relative flex w-full flex-col items-end gap-2 text-start break-words whitespace-normal [.text-message+&amp;]:mt-1\" dir=\"auto\" data-message-author-role=\"assistant\" data-message-id=\"364a8f47-8c59-4a3e-aa06-9b485851a9c3\" data-message-model-slug=\"gpt-5-2\">\n<div class=\"flex w-full flex-col gap-1 empty:hidden first:pt-[1px]\">\n<div class=\"markdown prose dark:prose-invert w-full wrap-break-word light markdown-new-styling\">\n<p data-start=\"106\" data-end=\"416\">El Secretariado diocesano para la Animaci\u00f3n B\u00edblica de la Pastoral, en colaboraci\u00f3n con la biblioteca del Seminario, la librer\u00eda diocesana y la Delegaci\u00f3n para la Cultura, vuelve a poner en marcha el <strong data-start=\"306\" data-end=\"355\">Club de Lectura para adentrarnos en la Biblia<\/strong>, tras la buena acogida que tuvo la edici\u00f3n del curso pasado.<\/p>\n<p data-start=\"418\" data-end=\"811\">La actividad, abierta a todas las personas a quienes les gusta leer, quiere ser un espacio de encuentro, crecimiento y reflexi\u00f3n compartida para leer la Biblia desde la experiencia vital. El club comenzar\u00e1 el <strong data-start=\"627\" data-end=\"657\">martes 10 de marzo de 2026<\/strong> y se reunir\u00e1 <strong data-start=\"671\" data-end=\"740\">quincenalmente los martes, de marzo a mayo, a las 11 de la ma\u00f1ana<\/strong>, en el <strong data-start=\"748\" data-end=\"810\">Seminario \u2013 Casa de Cultura (calle Sant Pau, 4, Tarragona)<\/strong>.<\/p>\n<p data-start=\"813\" data-end=\"953\">La participaci\u00f3n es gratuita, aunque cada asistente deber\u00e1 disponer de su ejemplar del libro propuesto, disponible en la librer\u00eda diocesana.<\/p>\n<h3 data-start=\"955\" data-end=\"978\">Lectura de este a\u00f1o<\/h3>\n<p data-start=\"979\" data-end=\"1226\">En esta edici\u00f3n se compartir\u00e1 la lectura de <em data-start=\"1023\" data-end=\"1085\">El perfume del Evangelio. Jes\u00fas se encuentra con las mujeres<\/em>, de <strong data-start=\"1090\" data-end=\"1115\">N\u00faria Calduch-Benages<\/strong> (Publicacions de l\u2019Abadia de Montserrat, 2014), tambi\u00e9n disponible en castellano en la editorial Verbo Divino.<\/p>\n<p data-start=\"1228\" data-end=\"1521\">Seg\u00fan la autora, la obra presenta diversos encuentros entre Jes\u00fas y mujeres a partir de pasajes de los evangelios sin\u00f3pticos y de Juan, con el deseo de que los lectores se dejen \u201cenvolver por el perfume del Evangelio\u201d, s\u00edmbolo de la vida y la salvaci\u00f3n que Cristo resucitado comunica al mundo.<\/p>\n<h3 data-start=\"1523\" data-end=\"1549\">Posibles nuevos grupos<\/h3>\n<p data-start=\"1550\" data-end=\"1858\">El Secretariado mantiene el grupo de los martes por la ma\u00f1ana en Tarragona, pero no descarta organizar nuevos grupos en horario de tarde o noche si hay personas interesadas. Tambi\u00e9n anima a comunidades y colectivos a crear clubes de lectura b\u00edblica en otros lugares y horarios, ofreciendo apoyo organizativo.<\/p>\n<h3 data-start=\"1860\" data-end=\"1891\">Inscripciones e informaci\u00f3n<\/h3>\n<p data-start=\"1892\" data-end=\"1990\">Las personas interesadas pueden contactar con el Secretariado diocesano para la Animaci\u00f3n B\u00edblica:<\/p>\n<ul data-start=\"1992\" data-end=\"2187\">\n<li data-start=\"1992\" data-end=\"2037\">\n<p data-start=\"1994\" data-end=\"2037\"><strong data-start=\"1994\" data-end=\"2017\">Correo electr\u00f3nico:<\/strong> <a class=\"decorated-link cursor-pointer\" rel=\"noopener\" data-start=\"2018\" data-end=\"2035\">biblia@arqtgn.cat<\/a><\/p>\n<\/li>\n<li data-start=\"2038\" data-end=\"2078\">\n<p data-start=\"2040\" data-end=\"2078\"><strong data-start=\"2040\" data-end=\"2053\">Tel\u00e9fono:<\/strong> 977 233 412 (ext. 243)<\/p>\n<\/li>\n<li data-start=\"2079\" data-end=\"2187\">\n<p data-start=\"2081\" data-end=\"2187\"><strong data-start=\"2081\" data-end=\"2105\">Atenci\u00f3n presencial:<\/strong> lunes, mi\u00e9rcoles y jueves, de 10:00 a 12:30 h<br data-start=\"2151\" data-end=\"2154\" \/>Pla de Palau, 2, segundo piso<\/p>\n<\/li>\n<\/ul>\n<p data-start=\"2189\" data-end=\"2353\" data-is-last-node=\"\" data-is-only-node=\"\">Con esta iniciativa, la di\u00f3cesis quiere seguir fomentando la lectura compartida de la Biblia como camino de formaci\u00f3n, di\u00e1logo y experiencia espiritual comunitaria.<\/p>\n<\/div>\n<\/div>\n<\/div>\n<\/div>\n<p>[\/et_pb_text][et_pb_gallery gallery_ids=\u00bb3532&#8243; posts_number=\u00bb16&#8243; show_title_and_caption=\u00bboff\u00bb show_pagination=\u00bboff\u00bb _builder_version=\u00bb4.27.5&#8243; _module_preset=\u00bbdefault\u00bb global_colors_info=\u00bb{}\u00bb][\/et_pb_gallery][\/et_pb_column][\/et_pb_row][\/et_pb_section]<\/p>\n","protected":false},"excerpt":{"rendered":"<p>El Secretariado diocesano para la Animaci\u00f3n B\u00edblica de la Pastoral, en colaboraci\u00f3n con la biblioteca del Seminario, la librer\u00eda diocesana y la Delegaci\u00f3n para la Cultura, vuelve a poner en [&hellip;]<\/p>\n","protected":false},"author":101,"featured_media":3535,"comment_status":"closed","ping_status":"closed","sticky":false,"template":"","format":"standard","meta":{"_et_pb_use_builder":"on","_et_pb_old_content":"","_et_gb_content_width":"","footnotes":""},"categories":[15],"tags":[],"class_list":["post-3537","post","type-post","status-publish","format-standard","has-post-thumbnail","hentry","category-noticias"],"amp_enabled":true,"_links":{"self":[{"href":"https:\/\/cultura.arqtgn.cat\/es\/wp-json\/wp\/v2\/posts\/3537","targetHints":{"allow":["GET"]}}],"collection":[{"href":"https:\/\/cultura.arqtgn.cat\/es\/wp-json\/wp\/v2\/posts"}],"about":[{"href":"https:\/\/cultura.arqtgn.cat\/es\/wp-json\/wp\/v2\/types\/post"}],"author":[{"embeddable":true,"href":"https:\/\/cultura.arqtgn.cat\/es\/wp-json\/wp\/v2\/users\/101"}],"replies":[{"embeddable":true,"href":"https:\/\/cultura.arqtgn.cat\/es\/wp-json\/wp\/v2\/comments?post=3537"}],"version-history":[{"count":4,"href":"https:\/\/cultura.arqtgn.cat\/es\/wp-json\/wp\/v2\/posts\/3537\/revisions"}],"predecessor-version":[{"id":3541,"href":"https:\/\/cultura.arqtgn.cat\/es\/wp-json\/wp\/v2\/posts\/3537\/revisions\/3541"}],"wp:featuredmedia":[{"embeddable":true,"href":"https:\/\/cultura.arqtgn.cat\/es\/wp-json\/wp\/v2\/media\/3535"}],"wp:attachment":[{"href":"https:\/\/cultura.arqtgn.cat\/es\/wp-json\/wp\/v2\/media?parent=3537"}],"wp:term":[{"taxonomy":"category","embeddable":true,"href":"https:\/\/cultura.arqtgn.cat\/es\/wp-json\/wp\/v2\/categories?post=3537"},{"taxonomy":"post_tag","embeddable":true,"href":"https:\/\/cultura.arqtgn.cat\/es\/wp-json\/wp\/v2\/tags?post=3537"}],"curies":[{"name":"wp","href":"https:\/\/api.w.org\/{rel}","templated":true}]}}