{"id":3833,"date":"2026-04-22T11:29:49","date_gmt":"2026-04-22T09:29:49","guid":{"rendered":"https:\/\/cultura.arqtgn.cat\/2026\/04\/22\/bernat-vivancos-i-josep-olle-protagonitzaran-el-v-cicle-de-conferencies-de-musica-liturgica-a-tarragona\/"},"modified":"2026-04-22T11:31:22","modified_gmt":"2026-04-22T09:31:22","slug":"bernat-vivancos-i-josep-olle-protagonitzaran-el-v-cicle-de-conferencies-de-musica-liturgica-a-tarragona","status":"publish","type":"post","link":"https:\/\/cultura.arqtgn.cat\/es\/2026\/04\/22\/bernat-vivancos-i-josep-olle-protagonitzaran-el-v-cicle-de-conferencies-de-musica-liturgica-a-tarragona\/","title":{"rendered":"Bernat Vivancos y Josep Oll\u00e9 protagonizar\u00e1n el V Ciclo de conferencias de m\u00fasica lit\u00fargica en Tarragona"},"content":{"rendered":"<p>[et_pb_section fb_built=\u00bb1&#8243; _builder_version=\u00bb4.21.0&#8243; _module_preset=\u00bbdefault\u00bb global_colors_info=\u00bb{}\u00bb][et_pb_row _builder_version=\u00bb4.21.0&#8243; _module_preset=\u00bbdefault\u00bb global_colors_info=\u00bb{}\u00bb][et_pb_column type=\u00bb4_4&#8243; _builder_version=\u00bb4.21.0&#8243; _module_preset=\u00bbdefault\u00bb global_colors_info=\u00bb{}\u00bb][et_pb_text _builder_version=\u00bb4.27.6&#8243; _module_preset=\u00bbdefault\u00bb hover_enabled=\u00bb0&#8243; global_colors_info=\u00bb{}\u00bb sticky_enabled=\u00bb0&#8243;]<\/p>\n<p>\u200bEl Secretariado diocesano de m\u00fasica sacra organiza la quinta edici\u00f3n del Ciclo de conferencias de m\u00fasica lit\u00fargica, un espacio de reflexi\u00f3n para profundizar en el papel de la m\u00fasica como servicio para la oraci\u00f3n y celebraci\u00f3n de la fe.<\/p>\n<p>En esta ocasi\u00f3n, el Ciclo se centrar\u00e1 en dos compositores catalanes contempor\u00e1neos que, desde trayectorias y generaciones diferentes, contribuyen significativamente al enriquecimiento del repertorio sacro actual: Bernat Vivancos Farr\u00e0s y Josep Oll\u00e9 Sabat\u00e9, que compartir\u00e1n su proyecto creativo, sus fuentes de inspiraci\u00f3n y su forma de entender la composici\u00f3n al servicio de la liturgia.<\/p>\n<p>El objetivo, pues, ser\u00e1 poner de relieve la vitalidad de la creaci\u00f3n sacra actual y escuchar, de primera mano, a quienes hoy escriben m\u00fasica para la liturgia para comprender su sentido, valor y futuro.<\/p>\n<p>La primera conferencia tendr\u00e1 lugar el mi\u00e9rcoles d\u00eda 22 de abril, a las 19.00 h, en el Seminari. Casa de Cultura de Tarragona. Ir\u00e1 a cargo del compositor Bernat Vivancos, que presentar\u00e1 el proyecto\u00a0<em>Ora et Honora: Salmos y c\u00e1nticos para la liturgia<\/em>, una propuesta concebida para el uso real de las comunidades celebrantes.<\/p>\n<p>Por otro lado, el mi\u00e9rcoles d\u00eda 29 de abril, tambi\u00e9n a las 19.00 h y en el Seminari. Casa de Cultura, habr\u00e1 la segunda conferencia del ciclo, que correr\u00e1 a cargo de Josep Oll\u00e9. Este compositor, autor del\u00a0<em>Te Deum<\/em>\u00a0para la clausura del Milenario de Montserrat, presentar\u00e1 su amplia producci\u00f3n de textos sacros.<\/p>\n<p>Las conferencias tambi\u00e9n se podr\u00e1n seguir en directo a trav\u00e9s del<a href=\"https:\/\/www.youtube.com\/@arquetgncat\" target=\"_blank\" rel=\"noopener\"><strong>\u00a0canal de<em>YouTube<\/em>\u00a0del Arzobispado de Tarragona<\/strong><\/a>.<\/p>\n<p>[\/et_pb_text][et_pb_gallery gallery_ids=\u00bb3828&#8243; posts_number=\u00bb16&#8243; show_title_and_caption=\u00bboff\u00bb show_pagination=\u00bboff\u00bb _builder_version=\u00bb4.27.6&#8243; _module_preset=\u00bbdefault\u00bb global_colors_info=\u00bb{}\u00bb][\/et_pb_gallery][\/et_pb_column][\/et_pb_row][\/et_pb_section]<\/p>\n","protected":false},"excerpt":{"rendered":"<p>\u200bEl Secretariado diocesano de m\u00fasica sacra organiza la quinta edici\u00f3n del Ciclo de conferencias de m\u00fasica lit\u00fargica, un espacio de reflexi\u00f3n para profundizar en el papel de la m\u00fasica como [&hellip;]<\/p>\n","protected":false},"author":101,"featured_media":3830,"comment_status":"closed","ping_status":"closed","sticky":false,"template":"","format":"standard","meta":{"_et_pb_use_builder":"on","_et_pb_old_content":"","_et_gb_content_width":"","footnotes":""},"categories":[15],"tags":[],"class_list":["post-3833","post","type-post","status-publish","format-standard","has-post-thumbnail","hentry","category-noticias"],"amp_enabled":true,"_links":{"self":[{"href":"https:\/\/cultura.arqtgn.cat\/es\/wp-json\/wp\/v2\/posts\/3833","targetHints":{"allow":["GET"]}}],"collection":[{"href":"https:\/\/cultura.arqtgn.cat\/es\/wp-json\/wp\/v2\/posts"}],"about":[{"href":"https:\/\/cultura.arqtgn.cat\/es\/wp-json\/wp\/v2\/types\/post"}],"author":[{"embeddable":true,"href":"https:\/\/cultura.arqtgn.cat\/es\/wp-json\/wp\/v2\/users\/101"}],"replies":[{"embeddable":true,"href":"https:\/\/cultura.arqtgn.cat\/es\/wp-json\/wp\/v2\/comments?post=3833"}],"version-history":[{"count":3,"href":"https:\/\/cultura.arqtgn.cat\/es\/wp-json\/wp\/v2\/posts\/3833\/revisions"}],"predecessor-version":[{"id":3836,"href":"https:\/\/cultura.arqtgn.cat\/es\/wp-json\/wp\/v2\/posts\/3833\/revisions\/3836"}],"wp:featuredmedia":[{"embeddable":true,"href":"https:\/\/cultura.arqtgn.cat\/es\/wp-json\/wp\/v2\/media\/3830"}],"wp:attachment":[{"href":"https:\/\/cultura.arqtgn.cat\/es\/wp-json\/wp\/v2\/media?parent=3833"}],"wp:term":[{"taxonomy":"category","embeddable":true,"href":"https:\/\/cultura.arqtgn.cat\/es\/wp-json\/wp\/v2\/categories?post=3833"},{"taxonomy":"post_tag","embeddable":true,"href":"https:\/\/cultura.arqtgn.cat\/es\/wp-json\/wp\/v2\/tags?post=3833"}],"curies":[{"name":"wp","href":"https:\/\/api.w.org\/{rel}","templated":true}]}}