{"id":3847,"date":"2026-04-22T11:36:20","date_gmt":"2026-04-22T09:36:20","guid":{"rendered":"https:\/\/cultura.arqtgn.cat\/2026\/04\/22\/la-llibreria-diocesana-sera-a-la-rambla-nova-de-tarragona-durant-la-diada-de-sant-jordi\/"},"modified":"2026-04-22T11:37:36","modified_gmt":"2026-04-22T09:37:36","slug":"la-llibreria-diocesana-sera-a-la-rambla-nova-de-tarragona-durant-la-diada-de-sant-jordi","status":"publish","type":"post","link":"https:\/\/cultura.arqtgn.cat\/es\/2026\/04\/22\/la-llibreria-diocesana-sera-a-la-rambla-nova-de-tarragona-durant-la-diada-de-sant-jordi\/","title":{"rendered":"La Librer\u00eda diocesana estar\u00e1 en la Rambla Nova de Tarragona durante el d\u00eda de Sant Jordi"},"content":{"rendered":"<p>[et_pb_section fb_built=\u00bb1&#8243; _builder_version=\u00bb4.21.0&#8243; _module_preset=\u00bbdefault\u00bb global_colors_info=\u00bb{}\u00bb][et_pb_row _builder_version=\u00bb4.21.0&#8243; _module_preset=\u00bbdefault\u00bb global_colors_info=\u00bb{}\u00bb][et_pb_column type=\u00bb4_4&#8243; _builder_version=\u00bb4.21.0&#8243; _module_preset=\u00bbdefault\u00bb global_colors_info=\u00bb{}\u00bb][et_pb_text _builder_version=\u00bb4.27.6&#8243; _module_preset=\u00bbdefault\u00bb hover_enabled=\u00bb0&#8243; global_colors_info=\u00bb{}\u00bb sticky_enabled=\u00bb0&#8243;]<\/p>\n<p>La\u00a0<a href=\"https:\/\/www.instagram.com\/llibreria_diocesana_tgn\/\" target=\"_blank\" rel=\"noopener\"><strong>Llibreria diocesana de Tarragona<\/strong><\/a>\u00a0se a\u00f1adir\u00e1, como es habitual, a la celebraci\u00f3n del d\u00eda de Sant Jordi, patr\u00f3n de Catalunya. Como novedad de este a\u00f1o, el jueves d\u00eda 23 de abril la Librer\u00eda contar\u00e1 con una parada de libros en la Rambla Nova, en el tramo 1, en la zona de la primera torta, junto al balc\u00f3n del Mediterr\u00e1neo. Adem\u00e1s, tambi\u00e9n contar\u00e1 con una parada de libros en el Seminari. Casa de Cultura.<\/p>\n<p>Por otra parte, la Llibreria diocesana (Pla de Palau, 2) estar\u00e1 abierta de 10.00 a 14.00 h. En los tres puntos de venta que se habilitar\u00e1n en esta jornada, las publicaciones tendr\u00e1n un descuento del 10%. Encontrar\u00e1 las \u00faltimas novedades editoriales, as\u00ed como otros t\u00edtulos destacados, tanto de tem\u00e1tica religiosa como de novelas, ediciones infantiles y juveniles u otras publicaciones.<\/p>\n<p>Adem\u00e1s, el s\u00e1bado d\u00eda 25 de abril, en el marco del Aplec Dioces\u00e0, tambi\u00e9n habr\u00e1 una parada de la Llibreria diocesana en el Seminari. Casa de Cultura, donde los participantes del Aplec podr\u00e1n adquirir libros con el mismo descuento que se ofrecer\u00e1 durante el d\u00eda de Sant Jordi.<\/p>\n<p>[\/et_pb_text][et_pb_gallery gallery_ids=\u00bb3844&#8243; posts_number=\u00bb16&#8243; show_title_and_caption=\u00bboff\u00bb show_pagination=\u00bboff\u00bb _builder_version=\u00bb4.27.6&#8243; _module_preset=\u00bbdefault\u00bb global_colors_info=\u00bb{}\u00bb][\/et_pb_gallery][\/et_pb_column][\/et_pb_row][\/et_pb_section]<\/p>\n","protected":false},"excerpt":{"rendered":"<p>La\u00a0Llibreria diocesana de Tarragona\u00a0se a\u00f1adir\u00e1, como es habitual, a la celebraci\u00f3n del d\u00eda de Sant Jordi, patr\u00f3n de Catalunya. Como novedad de este a\u00f1o, el jueves d\u00eda 23 de abril [&hellip;]<\/p>\n","protected":false},"author":101,"featured_media":3841,"comment_status":"closed","ping_status":"closed","sticky":false,"template":"","format":"standard","meta":{"_et_pb_use_builder":"on","_et_pb_old_content":"","_et_gb_content_width":"","footnotes":""},"categories":[15],"tags":[],"class_list":["post-3847","post","type-post","status-publish","format-standard","has-post-thumbnail","hentry","category-noticias"],"amp_enabled":true,"_links":{"self":[{"href":"https:\/\/cultura.arqtgn.cat\/es\/wp-json\/wp\/v2\/posts\/3847","targetHints":{"allow":["GET"]}}],"collection":[{"href":"https:\/\/cultura.arqtgn.cat\/es\/wp-json\/wp\/v2\/posts"}],"about":[{"href":"https:\/\/cultura.arqtgn.cat\/es\/wp-json\/wp\/v2\/types\/post"}],"author":[{"embeddable":true,"href":"https:\/\/cultura.arqtgn.cat\/es\/wp-json\/wp\/v2\/users\/101"}],"replies":[{"embeddable":true,"href":"https:\/\/cultura.arqtgn.cat\/es\/wp-json\/wp\/v2\/comments?post=3847"}],"version-history":[{"count":3,"href":"https:\/\/cultura.arqtgn.cat\/es\/wp-json\/wp\/v2\/posts\/3847\/revisions"}],"predecessor-version":[{"id":3850,"href":"https:\/\/cultura.arqtgn.cat\/es\/wp-json\/wp\/v2\/posts\/3847\/revisions\/3850"}],"wp:featuredmedia":[{"embeddable":true,"href":"https:\/\/cultura.arqtgn.cat\/es\/wp-json\/wp\/v2\/media\/3841"}],"wp:attachment":[{"href":"https:\/\/cultura.arqtgn.cat\/es\/wp-json\/wp\/v2\/media?parent=3847"}],"wp:term":[{"taxonomy":"category","embeddable":true,"href":"https:\/\/cultura.arqtgn.cat\/es\/wp-json\/wp\/v2\/categories?post=3847"},{"taxonomy":"post_tag","embeddable":true,"href":"https:\/\/cultura.arqtgn.cat\/es\/wp-json\/wp\/v2\/tags?post=3847"}],"curies":[{"name":"wp","href":"https:\/\/api.w.org\/{rel}","templated":true}]}}